{"id":87,"date":"2025-07-12T09:20:15","date_gmt":"2025-07-12T09:20:15","guid":{"rendered":"https:\/\/ferienlagerlaehden.de\/?p=87"},"modified":"2025-07-12T09:20:20","modified_gmt":"2025-07-12T09:20:20","slug":"tag-10-marathontag","status":"publish","type":"post","link":"https:\/\/ferienlagerlaehden.de\/?p=87","title":{"rendered":"Tag 10 &#8211; Marathontag"},"content":{"rendered":"\n<p>Heute morgen sind wir alle wie gewohnt aufgestanden und haben dann das Revier ger\u00e4umt. Br\u00f6tchen und Kakao hab es auf die Hand.<\/p>\n\n\n\n<p>Die \u00e4ltesten Gruppen und die Gruppenleiter haben dann alles in der Halle abgebaut und den LKW beladen, w\u00e4hrend alle anderen Kinder mit einigen Gruppenleitern auf den Sportplatz gegangen sind und noch eine Runde gespielt haben.<\/p>\n\n\n\n<p>Wir sind dann gegen 11 Uhr in die Busse gegangen und los gefahren. Wir rechnen jetzt wieder mit einer 3,5 st\u00fcndigen Fahrt und einer halben Stunde Pause, so dass wir irgendwann zwischen 14:30 Uhr und 16:00 Uhr in L\u00e4hden ankommen werden. <\/p>\n\n\n\n<p>Die genaue Uhrzeit bekommt ihr von den Gruppenleitern in den WhatsApp-Gruppen mitgeteilt.<\/p>\n\n\n\n<p>Wir werden wieder einen Autokorso durchs Dorf machen und mit den Bullis und LKW auf dem Sch\u00fctzenplatz ankommen. Die Busse werden in der Sch\u00fctzenstra\u00dfe stehen bleiben. Bitte parkt so, dass wir problemlos auf den Sch\u00fctzenplatz ankommen k\u00f6nnen.<\/p>\n\n\n\n<p>Wir freuen uns schon.<\/p>\n\n\n\n<p>Bis gleich,<\/p>\n\n\n\n<p>euer Ferienlagerteam <\/p>\n","protected":false},"excerpt":{"rendered":"<p>Heute morgen sind wir alle wie gewohnt aufgestanden und haben dann das Revier ger\u00e4umt. Br\u00f6tchen und Kakao hab es auf die Hand. Die \u00e4ltesten Gruppen und die Gruppenleiter haben dann alles in der Halle abgebaut und den LKW beladen, w\u00e4hrend alle anderen Kinder mit einigen Gruppenleitern auf den Sportplatz gegangen sind und noch eine Runde [&hellip;]<\/p>\n","protected":false},"author":1,"featured_media":0,"comment_status":"open","ping_status":"open","sticky":false,"template":"","format":"standard","meta":{"_jetpack_memberships_contains_paid_content":false,"footnotes":"","jetpack_publicize_message":"","jetpack_publicize_feature_enabled":true,"jetpack_social_post_already_shared":true,"jetpack_social_options":{"image_generator_settings":{"template":"highway","default_image_id":0,"font":"","enabled":false},"version":2}},"categories":[1],"tags":[],"class_list":["post-87","post","type-post","status-publish","format-standard","hentry","category-uncategorized"],"jetpack_publicize_connections":[],"jetpack_featured_media_url":"","jetpack_sharing_enabled":true,"jetpack_likes_enabled":true,"_links":{"self":[{"href":"https:\/\/ferienlagerlaehden.de\/index.php?rest_route=\/wp\/v2\/posts\/87","targetHints":{"allow":["GET"]}}],"collection":[{"href":"https:\/\/ferienlagerlaehden.de\/index.php?rest_route=\/wp\/v2\/posts"}],"about":[{"href":"https:\/\/ferienlagerlaehden.de\/index.php?rest_route=\/wp\/v2\/types\/post"}],"author":[{"embeddable":true,"href":"https:\/\/ferienlagerlaehden.de\/index.php?rest_route=\/wp\/v2\/users\/1"}],"replies":[{"embeddable":true,"href":"https:\/\/ferienlagerlaehden.de\/index.php?rest_route=%2Fwp%2Fv2%2Fcomments&post=87"}],"version-history":[{"count":1,"href":"https:\/\/ferienlagerlaehden.de\/index.php?rest_route=\/wp\/v2\/posts\/87\/revisions"}],"predecessor-version":[{"id":88,"href":"https:\/\/ferienlagerlaehden.de\/index.php?rest_route=\/wp\/v2\/posts\/87\/revisions\/88"}],"wp:attachment":[{"href":"https:\/\/ferienlagerlaehden.de\/index.php?rest_route=%2Fwp%2Fv2%2Fmedia&parent=87"}],"wp:term":[{"taxonomy":"category","embeddable":true,"href":"https:\/\/ferienlagerlaehden.de\/index.php?rest_route=%2Fwp%2Fv2%2Fcategories&post=87"},{"taxonomy":"post_tag","embeddable":true,"href":"https:\/\/ferienlagerlaehden.de\/index.php?rest_route=%2Fwp%2Fv2%2Ftags&post=87"}],"curies":[{"name":"wp","href":"https:\/\/api.w.org\/{rel}","templated":true}]}}