{"id":80,"date":"2025-07-11T21:41:23","date_gmt":"2025-07-11T21:41:23","guid":{"rendered":"https:\/\/ferienlagerlaehden.de\/?p=80"},"modified":"2025-07-11T22:02:10","modified_gmt":"2025-07-11T22:02:10","slug":"tag-9-speerwurf-spektakel","status":"publish","type":"post","link":"https:\/\/ferienlagerlaehden.de\/?p=80","title":{"rendered":"Tag 9 &#8211; Speerwurf-Spektakel"},"content":{"rendered":"\n<p>Heute morgen haben wir erstmal eine Stunde l\u00e4nger geschlafen und wurden dann von zwei Panfl\u00f6tenspielern geweckt&#8230; Man war das schr\u00e4g \ud83d\ude09<\/p>\n\n\n\n<p>Nach der Morgenbesinnung und dem Fr\u00fchst\u00fcck wurde die Halle f\u00fcr den Abend geschm\u00fcckt. Dabei konnte dann auch noch einmal geduscht werden und auch der Kiosk hat noch einmal einen Ausverkauf gemacht. Um 10:30 Uhr kam auch noch ein Eiswagen vorbei. Andrea und Ralf Schulte haben allen zwei Kugeln Eis ausgegeben. DANKE daf\u00fcr.<\/p>\n\n\n\n<p>Heute Mittag gab es dann Gyros-Pita auf die Hand und die Mittagspause konnte selbstst\u00e4ndig begonnen werden.<\/p>\n\n\n\n<p>Nach der Mittagsruhe wurden dann die Gruppenfotos gemacht und wir haben Besuch von Pater Melwin bekommen, der mit uns zusammen die Abschlussmesse in der Halle gefeiert hat. Im Anschluss gab es dann das gro\u00dfe Buffet zum letzten Abend. <\/p>\n\n\n\n<p>Die anschlie\u00dfende Party war dann wieder einmal der absolute Hammer. <\/p>\n\n\n\n<p>Auch die Verabschiedung der \u00c4ltesten Gruppen und die anschlie\u00dfenden letzten 4 Lieder durften nicht fehlen. <\/p>\n\n\n\n<p>Nun geht es in die letzte Nachtruhe, ehe wir morgen fr\u00fch das Revier r\u00e4umen und uns wieder auf den Weg nach L\u00e4hden machen. <\/p>\n\n\n\n<p>Es waren sch\u00f6ne Tage im Ferienlager und wir freuen uns schon auf das n\u00e4chste Jahr, aber erstmal wird morgen wieder anstrengend. Daher w\u00e4re es sch\u00f6n, wenn morgen viele helfende H\u00e4nde beim LKW abladen sind, denn wir sind alle sehr m\u00fcde und platt. <\/p>\n\n\n\n<p>Alle Infos \u00fcber unsere Ankunft erfahrt ihr hier und in den WhatsApp-Gruppen.<\/p>\n\n\n\n<p>Bis morgen, <\/p>\n\n\n\n<p>euer Ferienlagerteam<\/p>\n","protected":false},"excerpt":{"rendered":"<p>Heute morgen haben wir erstmal eine Stunde l\u00e4nger geschlafen und wurden dann von zwei Panfl\u00f6tenspielern geweckt&#8230; Man war das schr\u00e4g \ud83d\ude09 Nach der Morgenbesinnung und dem Fr\u00fchst\u00fcck wurde die Halle f\u00fcr den Abend geschm\u00fcckt. Dabei konnte dann auch noch einmal geduscht werden und auch der Kiosk hat noch einmal einen Ausverkauf gemacht. Um 10:30 Uhr [&hellip;]<\/p>\n","protected":false},"author":1,"featured_media":0,"comment_status":"open","ping_status":"open","sticky":false,"template":"","format":"standard","meta":{"_jetpack_memberships_contains_paid_content":false,"footnotes":"","jetpack_publicize_message":"","jetpack_publicize_feature_enabled":true,"jetpack_social_post_already_shared":true,"jetpack_social_options":{"image_generator_settings":{"template":"highway","default_image_id":0,"font":"","enabled":false},"version":2}},"categories":[1],"tags":[],"class_list":["post-80","post","type-post","status-publish","format-standard","hentry","category-uncategorized"],"jetpack_publicize_connections":[],"jetpack_featured_media_url":"","jetpack_sharing_enabled":true,"jetpack_likes_enabled":true,"_links":{"self":[{"href":"https:\/\/ferienlagerlaehden.de\/index.php?rest_route=\/wp\/v2\/posts\/80","targetHints":{"allow":["GET"]}}],"collection":[{"href":"https:\/\/ferienlagerlaehden.de\/index.php?rest_route=\/wp\/v2\/posts"}],"about":[{"href":"https:\/\/ferienlagerlaehden.de\/index.php?rest_route=\/wp\/v2\/types\/post"}],"author":[{"embeddable":true,"href":"https:\/\/ferienlagerlaehden.de\/index.php?rest_route=\/wp\/v2\/users\/1"}],"replies":[{"embeddable":true,"href":"https:\/\/ferienlagerlaehden.de\/index.php?rest_route=%2Fwp%2Fv2%2Fcomments&post=80"}],"version-history":[{"count":6,"href":"https:\/\/ferienlagerlaehden.de\/index.php?rest_route=\/wp\/v2\/posts\/80\/revisions"}],"predecessor-version":[{"id":86,"href":"https:\/\/ferienlagerlaehden.de\/index.php?rest_route=\/wp\/v2\/posts\/80\/revisions\/86"}],"wp:attachment":[{"href":"https:\/\/ferienlagerlaehden.de\/index.php?rest_route=%2Fwp%2Fv2%2Fmedia&parent=80"}],"wp:term":[{"taxonomy":"category","embeddable":true,"href":"https:\/\/ferienlagerlaehden.de\/index.php?rest_route=%2Fwp%2Fv2%2Fcategories&post=80"},{"taxonomy":"post_tag","embeddable":true,"href":"https:\/\/ferienlagerlaehden.de\/index.php?rest_route=%2Fwp%2Fv2%2Ftags&post=80"}],"curies":[{"name":"wp","href":"https:\/\/api.w.org\/{rel}","templated":true}]}}