{"id":78,"date":"2025-07-10T20:55:30","date_gmt":"2025-07-10T20:55:30","guid":{"rendered":"https:\/\/ferienlagerlaehden.de\/?p=78"},"modified":"2025-07-10T20:55:30","modified_gmt":"2025-07-10T20:55:30","slug":"tag-8-stabhochsprung-spass","status":"publish","type":"post","link":"https:\/\/ferienlagerlaehden.de\/?p=78","title":{"rendered":"Tag 8 &#8211; Stabhochsprung-Spa\u00df"},"content":{"rendered":"\n<p>Heute morgen haben wir nach dem Wecken ein Verkehrs\u00fcbungsplatz f\u00fcr den Weg durch die Halle zum Waschen aufgebaut. Man konnte nur \u00fcber die aufgezeichneten Verkehrswege zum Waschraum kommen.<\/p>\n\n\n\n<p>Nach der Morgenbesinnung und dem Fr\u00fchst\u00fcck startete der Tag mit dem Chaos-Spiel. In zwei Spielrunden haben wir uns bereits am Vormittag verausgabt. <\/p>\n\n\n\n<p>Am Nachmittag wurde dan die Dorferoberung gespielt. Ein Gel\u00e4ndespiel, bei dem es im Dorf um 11 Gebiete ging, die man im Laufe des Spiels erobern musste, in dem man an dewr jeweiligen Station den Rekord aufstellt.<\/p>\n\n\n\n<p>Wer am Ende die meisten Gebiete erobert hatte, hat das Spiel gewonnen. Ein Team hatte 3 Gebiete f\u00fcr sich erobert und somit das Spiel gewonnen.<\/p>\n\n\n\n<p>Im Anschluss wurde dann an der Halle gegrillt.<\/p>\n\n\n\n<p>Am Abend stand dann das Spiel der \u00c4ltesten Gruppen an. Beim &#8222;Pokalfinale Rot vs. Blau&#8220; ging es darum, in einzelnen Spielen den Ball in das generische Tor zu schie\u00dfen bzw. den gegnerischen Angriff abzuwehren. Es hat sehr lange gedauert, bis das erste Tor gefallen ist. Am Ende stand es 2:2 und es musste ein entscheidenes Tor her. Dies wurde in einer Sch\u00e4tzfrage zwischen den beiden Teamkapit\u00e4nen Philipp und Kathrin entschieden. Das Team Rot von Philipp gewann am Ende dann mit 3:2.<\/p>\n\n\n\n<p>Im Anschluss ging es dann nach drau\u00dfen zum Teeren und Federn durch die \u00c4ltesten Gruppen. Daswar auch wieder ein riesen Spektakel. <\/p>\n\n\n\n<p>Bei der Abendbesinnung kamen wir dann alle wieder etwas zur Ruhe und jetzt steht erstmal wieder die Nachtruhe an. <\/p>\n\n\n\n<p>Bis Morgen,<\/p>\n\n\n\n<p>euer Ferienlagerteam<\/p>\n","protected":false},"excerpt":{"rendered":"<p>Heute morgen haben wir nach dem Wecken ein Verkehrs\u00fcbungsplatz f\u00fcr den Weg durch die Halle zum Waschen aufgebaut. Man konnte nur \u00fcber die aufgezeichneten Verkehrswege zum Waschraum kommen. Nach der Morgenbesinnung und dem Fr\u00fchst\u00fcck startete der Tag mit dem Chaos-Spiel. In zwei Spielrunden haben wir uns bereits am Vormittag verausgabt. Am Nachmittag wurde dan die [&hellip;]<\/p>\n","protected":false},"author":1,"featured_media":0,"comment_status":"open","ping_status":"open","sticky":false,"template":"","format":"standard","meta":{"_jetpack_memberships_contains_paid_content":false,"footnotes":"","jetpack_publicize_message":"","jetpack_publicize_feature_enabled":true,"jetpack_social_post_already_shared":true,"jetpack_social_options":{"image_generator_settings":{"template":"highway","default_image_id":0,"font":"","enabled":false},"version":2}},"categories":[1],"tags":[],"class_list":["post-78","post","type-post","status-publish","format-standard","hentry","category-uncategorized"],"jetpack_publicize_connections":[],"jetpack_featured_media_url":"","jetpack_sharing_enabled":true,"jetpack_likes_enabled":true,"_links":{"self":[{"href":"https:\/\/ferienlagerlaehden.de\/index.php?rest_route=\/wp\/v2\/posts\/78","targetHints":{"allow":["GET"]}}],"collection":[{"href":"https:\/\/ferienlagerlaehden.de\/index.php?rest_route=\/wp\/v2\/posts"}],"about":[{"href":"https:\/\/ferienlagerlaehden.de\/index.php?rest_route=\/wp\/v2\/types\/post"}],"author":[{"embeddable":true,"href":"https:\/\/ferienlagerlaehden.de\/index.php?rest_route=\/wp\/v2\/users\/1"}],"replies":[{"embeddable":true,"href":"https:\/\/ferienlagerlaehden.de\/index.php?rest_route=%2Fwp%2Fv2%2Fcomments&post=78"}],"version-history":[{"count":1,"href":"https:\/\/ferienlagerlaehden.de\/index.php?rest_route=\/wp\/v2\/posts\/78\/revisions"}],"predecessor-version":[{"id":79,"href":"https:\/\/ferienlagerlaehden.de\/index.php?rest_route=\/wp\/v2\/posts\/78\/revisions\/79"}],"wp:attachment":[{"href":"https:\/\/ferienlagerlaehden.de\/index.php?rest_route=%2Fwp%2Fv2%2Fmedia&parent=78"}],"wp:term":[{"taxonomy":"category","embeddable":true,"href":"https:\/\/ferienlagerlaehden.de\/index.php?rest_route=%2Fwp%2Fv2%2Fcategories&post=78"},{"taxonomy":"post_tag","embeddable":true,"href":"https:\/\/ferienlagerlaehden.de\/index.php?rest_route=%2Fwp%2Fv2%2Ftags&post=78"}],"curies":[{"name":"wp","href":"https:\/\/api.w.org\/{rel}","templated":true}]}}